{"id":238,"date":"2012-11-19T11:09:31","date_gmt":"2012-11-19T10:09:31","guid":{"rendered":"http:\/\/montizel.enmontagne.net\/?p=238"},"modified":"2012-11-19T22:11:40","modified_gmt":"2012-11-19T21:11:40","slug":"activites-du-we","status":"publish","type":"post","link":"https:\/\/montizel.enmontagne.net\/index.php\/2012\/11\/19\/activites-du-we\/","title":{"rendered":"Activit\u00e9s du WE !"},"content":{"rendered":"<p>Bonjour \u00e0 tous,<\/p>\n<p>Un blog permet aussi de partager nos activit\u00e9s du WE!<\/p>\n<p>Ces photos, c&rsquo;\u00e9tait la semaine derni\u00e8re \u00e0 Annecy&#8230;Les loulous ont pos\u00e9 en Joconde !<!--more--><\/p>\n<p><a href=\"http:\/\/montizel.enmontagne.net\/?attachment_id=245\" rel=\"attachment wp-att-245\"><img loading=\"lazy\" decoding=\"async\" class=\"alignnone  wp-image-245\" title=\"La joconde Maxime\" src=\"http:\/\/montizel.enmontagne.net\/wp-content\/uploads\/2012\/11\/Photo-0022.jpg\" alt=\"La joconde Maxime\" width=\"244\" height=\"326\" \/><\/a><a href=\"http:\/\/montizel.enmontagne.net\/?attachment_id=244\" rel=\"attachment wp-att-244\"><img loading=\"lazy\" decoding=\"async\" class=\"alignnone  wp-image-244\" title=\"La joconde Elin\" src=\"http:\/\/montizel.enmontagne.net\/wp-content\/uploads\/2012\/11\/Photo-0041.jpg\" alt=\"La joconde Elin\" width=\"244\" height=\"326\" \/><\/a><a href=\"http:\/\/montizel.enmontagne.net\/?attachment_id=242\" rel=\"attachment wp-att-242\"><img loading=\"lazy\" decoding=\"async\" class=\"alignnone  wp-image-242\" title=\"La joconde Neve\" src=\"http:\/\/montizel.enmontagne.net\/wp-content\/uploads\/2012\/11\/Photo-0051.jpg\" alt=\"La joconde Neve\" width=\"244\" height=\"326\" \/><\/a><\/p>\n<p>Sinon, le WE fut tranquille&#8230;R\u00e9vision de la pi\u00e8ce de th\u00e9\u00e2tre de Maxime avec la voisine, devoirs, lessive, rangement, courses et repos&#8230;<\/p>\n<p>Maxime n&rsquo;est pas all\u00e9 \u00e0 l&rsquo;entra\u00eenement de son ski club car il avait un peu mal \u00e0 la jambe. Xavier, quant \u00e0 lui avait fait une gastro dans la nuit :-(&#8230;<\/p>\n<p>Les grands et Anna\u00efg sont all\u00e9s voir \u00ab\u00a0Le jour des Corneilles\u00a0\u00bb au cin\u00e9ma rochois avec\u00a0 Lolo et ses filles, la voisine ! Une belle s\u00e9ance cin\u00e9ma dans notre salle pass\u00e9e au num\u00e9rique depuis samedi dernier !!!! L&rsquo;histoire est tr\u00e8s belle.<\/p>\n<p><a href=\"http:\/\/montizel.enmontagne.net\/?attachment_id=246\" rel=\"attachment wp-att-246\"><img loading=\"lazy\" decoding=\"async\" class=\"alignnone  wp-image-246\" title=\"le jour des corneilles\" src=\"http:\/\/montizel.enmontagne.net\/wp-content\/uploads\/2012\/11\/JDC_AFFICHE_120x160_fr.jpg\" alt=\"\" width=\"162\" height=\"216\" \/><\/a><\/p>\n<p>Une nouvelle semaine commence et dans 5 semaines, ce sont (d\u00e9j\u00e0) les vacances pour tous &#8230;15 jours ensemble !<\/p>\n<p>P.S: cette nuit, la couche de Neve \u00e9tait propre&#8230; Il ne lui reste que 2 couches dans son armoire, elle sent qu&rsquo;elle va devoir passer au stade de petite fille&#8230;ou celui de princesse :<\/p>\n<p><a href=\"http:\/\/montizel.enmontagne.net\/?attachment_id=247\" rel=\"attachment wp-att-247\"><img loading=\"lazy\" decoding=\"async\" class=\"alignnone  wp-image-247\" title=\"La Princesse\" src=\"http:\/\/montizel.enmontagne.net\/wp-content\/uploads\/2012\/11\/Photo-001.jpg\" alt=\"\" width=\"244\" height=\"326\" \/><\/a><\/p>\n<p>Bonne semaine \u00e0 toutes et tous&#8230;<\/p>\n<p>&nbsp;<\/p>\n<p>&nbsp;<\/p>\n","protected":false},"excerpt":{"rendered":"<p>Bonjour \u00e0 tous, Un blog permet aussi de partager nos activit\u00e9s du WE! Ces photos, c&rsquo;\u00e9tait la semaine derni\u00e8re \u00e0 Annecy&#8230;Les loulous ont pos\u00e9 en Joconde !<\/p>\n","protected":false},"author":9,"featured_media":0,"comment_status":"open","ping_status":"open","sticky":false,"template":"","format":"standard","meta":{"footnotes":""},"categories":[],"tags":[],"class_list":["post-238","post","type-post","status-publish","format-standard","hentry"],"yoast_head":"<!-- This site is optimized with the Yoast SEO plugin v19.6.1 - https:\/\/yoast.com\/wordpress\/plugins\/seo\/ -->\n<title>Activit\u00e9s du WE ! - Au rythme des saisons<\/title>\n<meta name=\"robots\" content=\"index, follow, max-snippet:-1, max-image-preview:large, max-video-preview:-1\" \/>\n<link rel=\"canonical\" href=\"https:\/\/montizel.enmontagne.net\/index.php\/2012\/11\/19\/activites-du-we\/\" \/>\n<meta property=\"og:locale\" content=\"fr_FR\" \/>\n<meta property=\"og:type\" content=\"article\" \/>\n<meta property=\"og:title\" content=\"Activit\u00e9s du WE ! - Au rythme des saisons\" \/>\n<meta property=\"og:description\" content=\"Bonjour \u00e0 tous, Un blog permet aussi de partager nos activit\u00e9s du WE! Ces photos, c&rsquo;\u00e9tait la semaine derni\u00e8re \u00e0 Annecy&#8230;Les loulous ont pos\u00e9 en Joconde !\" \/>\n<meta property=\"og:url\" content=\"https:\/\/montizel.enmontagne.net\/index.php\/2012\/11\/19\/activites-du-we\/\" \/>\n<meta property=\"og:site_name\" content=\"Au rythme des saisons\" \/>\n<meta property=\"article:published_time\" content=\"2012-11-19T10:09:31+00:00\" \/>\n<meta property=\"article:modified_time\" content=\"2012-11-19T21:11:40+00:00\" \/>\n<meta property=\"og:image\" content=\"http:\/\/montizel.enmontagne.net\/wp-content\/uploads\/2012\/11\/Photo-0022.jpg\" \/>\n<meta name=\"twitter:card\" content=\"summary_large_image\" \/>\n<meta name=\"twitter:label1\" content=\"\u00c9crit par\" \/>\n\t<meta name=\"twitter:data1\" content=\"\" \/>\n\t<meta name=\"twitter:label2\" content=\"Dur\u00e9e de lecture estim\u00e9e\" \/>\n\t<meta name=\"twitter:data2\" content=\"1 minute\" \/>\n<script type=\"application\/ld+json\" class=\"yoast-schema-graph\">{\"@context\":\"https:\/\/schema.org\",\"@graph\":[{\"@type\":\"WebPage\",\"@id\":\"https:\/\/montizel.enmontagne.net\/index.php\/2012\/11\/19\/activites-du-we\/\",\"url\":\"https:\/\/montizel.enmontagne.net\/index.php\/2012\/11\/19\/activites-du-we\/\",\"name\":\"Activit\u00e9s du WE ! - Au rythme des saisons\",\"isPartOf\":{\"@id\":\"https:\/\/montizel.enmontagne.net\/#website\"},\"datePublished\":\"2012-11-19T10:09:31+00:00\",\"dateModified\":\"2012-11-19T21:11:40+00:00\",\"author\":{\"@id\":\"\"},\"breadcrumb\":{\"@id\":\"https:\/\/montizel.enmontagne.net\/index.php\/2012\/11\/19\/activites-du-we\/#breadcrumb\"},\"inLanguage\":\"fr-FR\",\"potentialAction\":[{\"@type\":\"ReadAction\",\"target\":[\"https:\/\/montizel.enmontagne.net\/index.php\/2012\/11\/19\/activites-du-we\/\"]}]},{\"@type\":\"BreadcrumbList\",\"@id\":\"https:\/\/montizel.enmontagne.net\/index.php\/2012\/11\/19\/activites-du-we\/#breadcrumb\",\"itemListElement\":[{\"@type\":\"ListItem\",\"position\":1,\"name\":\"Accueil\",\"item\":\"https:\/\/montizel.enmontagne.net\/\"},{\"@type\":\"ListItem\",\"position\":2,\"name\":\"Activit\u00e9s du WE !\"}]},{\"@type\":\"WebSite\",\"@id\":\"https:\/\/montizel.enmontagne.net\/#website\",\"url\":\"https:\/\/montizel.enmontagne.net\/\",\"name\":\"Au rythme des saisons\",\"description\":\"Just another WordPress site\",\"potentialAction\":[{\"@type\":\"SearchAction\",\"target\":{\"@type\":\"EntryPoint\",\"urlTemplate\":\"https:\/\/montizel.enmontagne.net\/?s={search_term_string}\"},\"query-input\":\"required name=search_term_string\"}],\"inLanguage\":\"fr-FR\"},{\"@type\":\"Person\",\"@id\":\"\",\"url\":\"https:\/\/montizel.enmontagne.net\/index.php\/author\/\"}]}<\/script>\n<!-- \/ Yoast SEO plugin. -->","yoast_head_json":{"title":"Activit\u00e9s du WE ! - Au rythme des saisons","robots":{"index":"index","follow":"follow","max-snippet":"max-snippet:-1","max-image-preview":"max-image-preview:large","max-video-preview":"max-video-preview:-1"},"canonical":"https:\/\/montizel.enmontagne.net\/index.php\/2012\/11\/19\/activites-du-we\/","og_locale":"fr_FR","og_type":"article","og_title":"Activit\u00e9s du WE ! - Au rythme des saisons","og_description":"Bonjour \u00e0 tous, Un blog permet aussi de partager nos activit\u00e9s du WE! Ces photos, c&rsquo;\u00e9tait la semaine derni\u00e8re \u00e0 Annecy&#8230;Les loulous ont pos\u00e9 en Joconde !","og_url":"https:\/\/montizel.enmontagne.net\/index.php\/2012\/11\/19\/activites-du-we\/","og_site_name":"Au rythme des saisons","article_published_time":"2012-11-19T10:09:31+00:00","article_modified_time":"2012-11-19T21:11:40+00:00","og_image":[{"url":"http:\/\/montizel.enmontagne.net\/wp-content\/uploads\/2012\/11\/Photo-0022.jpg"}],"twitter_card":"summary_large_image","twitter_misc":{"\u00c9crit par":"","Dur\u00e9e de lecture estim\u00e9e":"1 minute"},"schema":{"@context":"https:\/\/schema.org","@graph":[{"@type":"WebPage","@id":"https:\/\/montizel.enmontagne.net\/index.php\/2012\/11\/19\/activites-du-we\/","url":"https:\/\/montizel.enmontagne.net\/index.php\/2012\/11\/19\/activites-du-we\/","name":"Activit\u00e9s du WE ! - Au rythme des saisons","isPartOf":{"@id":"https:\/\/montizel.enmontagne.net\/#website"},"datePublished":"2012-11-19T10:09:31+00:00","dateModified":"2012-11-19T21:11:40+00:00","author":{"@id":""},"breadcrumb":{"@id":"https:\/\/montizel.enmontagne.net\/index.php\/2012\/11\/19\/activites-du-we\/#breadcrumb"},"inLanguage":"fr-FR","potentialAction":[{"@type":"ReadAction","target":["https:\/\/montizel.enmontagne.net\/index.php\/2012\/11\/19\/activites-du-we\/"]}]},{"@type":"BreadcrumbList","@id":"https:\/\/montizel.enmontagne.net\/index.php\/2012\/11\/19\/activites-du-we\/#breadcrumb","itemListElement":[{"@type":"ListItem","position":1,"name":"Accueil","item":"https:\/\/montizel.enmontagne.net\/"},{"@type":"ListItem","position":2,"name":"Activit\u00e9s du WE !"}]},{"@type":"WebSite","@id":"https:\/\/montizel.enmontagne.net\/#website","url":"https:\/\/montizel.enmontagne.net\/","name":"Au rythme des saisons","description":"Just another WordPress site","potentialAction":[{"@type":"SearchAction","target":{"@type":"EntryPoint","urlTemplate":"https:\/\/montizel.enmontagne.net\/?s={search_term_string}"},"query-input":"required name=search_term_string"}],"inLanguage":"fr-FR"},{"@type":"Person","@id":"","url":"https:\/\/montizel.enmontagne.net\/index.php\/author\/"}]}},"_links":{"self":[{"href":"https:\/\/montizel.enmontagne.net\/index.php\/wp-json\/wp\/v2\/posts\/238","targetHints":{"allow":["GET"]}}],"collection":[{"href":"https:\/\/montizel.enmontagne.net\/index.php\/wp-json\/wp\/v2\/posts"}],"about":[{"href":"https:\/\/montizel.enmontagne.net\/index.php\/wp-json\/wp\/v2\/types\/post"}],"author":[{"embeddable":true,"href":"https:\/\/montizel.enmontagne.net\/index.php\/wp-json\/wp\/v2\/users\/9"}],"replies":[{"embeddable":true,"href":"https:\/\/montizel.enmontagne.net\/index.php\/wp-json\/wp\/v2\/comments?post=238"}],"version-history":[{"count":6,"href":"https:\/\/montizel.enmontagne.net\/index.php\/wp-json\/wp\/v2\/posts\/238\/revisions"}],"predecessor-version":[{"id":252,"href":"https:\/\/montizel.enmontagne.net\/index.php\/wp-json\/wp\/v2\/posts\/238\/revisions\/252"}],"wp:attachment":[{"href":"https:\/\/montizel.enmontagne.net\/index.php\/wp-json\/wp\/v2\/media?parent=238"}],"wp:term":[{"taxonomy":"category","embeddable":true,"href":"https:\/\/montizel.enmontagne.net\/index.php\/wp-json\/wp\/v2\/categories?post=238"},{"taxonomy":"post_tag","embeddable":true,"href":"https:\/\/montizel.enmontagne.net\/index.php\/wp-json\/wp\/v2\/tags?post=238"}],"curies":[{"name":"wp","href":"https:\/\/api.w.org\/{rel}","templated":true}]}}