{"id":352,"date":"2012-12-19T13:24:22","date_gmt":"2012-12-19T12:24:22","guid":{"rendered":"http:\/\/montizel.enmontagne.net\/?p=352"},"modified":"2013-01-07T22:35:36","modified_gmt":"2013-01-07T21:35:36","slug":"rattrapage-des-nouvelles","status":"publish","type":"post","link":"https:\/\/montizel.enmontagne.net\/index.php\/2012\/12\/19\/rattrapage-des-nouvelles\/","title":{"rendered":"Rattrapage des nouvelles&#8230;"},"content":{"rendered":"<p>Cela fait un moment que le blog n&rsquo;a pas \u00e9t\u00e9 mis \u00e0 jour&#8230;<!--more--><\/p>\n<p>Alors, le premier WE de d\u00e9cembre, SOMFY a c\u00e9l\u00e9br\u00e9 No\u00ebl, au cin\u00e9ma Gaumont&#8230;<\/p>\n<p style=\"text-align: left;\"><a href=\"http:\/\/montizel.enmontagne.net\/?attachment_id=375\" rel=\"attachment wp-att-375\"><img loading=\"lazy\" decoding=\"async\" class=\"alignnone  wp-image-375\" alt=\"au cin\u00e9ma - No\u00ebl SOMFY\" src=\"http:\/\/montizel.enmontagne.net\/wp-content\/uploads\/2012\/12\/IMG_05081.jpg\" width=\"326\" height=\"244\" \/><\/a> je suis d\u00e9sol\u00e9e, pas trouv\u00e9 la touche pour tourner l&rsquo;image \ud83d\ude09<\/p>\n<p>Les gar\u00e7ons sont all\u00e9s voir \u00ab\u00a0l&rsquo;Odyss\u00e9e de Pi\u00a0\u00bb en avant-premi\u00e8re (tr\u00e8s bien selon leurs dires)\u00a0 et les filles : \u00ab\u00a0le monde de Ralph\u00a0\u00bb&#8230;tr\u00e8s bien aussi !<\/p>\n<p>Nous avons vu le p\u00e8re No\u00ebl et Neve a m\u00eame accept\u00e9 de poser avec lui ;-9. Je ne sais pas si c&rsquo;est par ses papillotes qu&rsquo;il l&rsquo;a amadou\u00e9e&#8230;<\/p>\n<p>Les enfants ont eu le droit \u00e0 du pop-corn, boisson et des bonbons&#8230;<\/p>\n<p>Apr\u00e8s les s\u00e9ances, restaurant \u00e0 Annecy et apr\u00e8s-midi shopping dans la m\u00eame ville. Je suis all\u00e9e (enfin) r\u00e9cup\u00e9rer ma nouvelle bague, Or blanc &amp; Diamants, mon cadeau d&rsquo;anniversaire !<\/p>\n<p><a href=\"http:\/\/montizel.enmontagne.net\/?attachment_id=376\" rel=\"attachment wp-att-376\"><img loading=\"lazy\" decoding=\"async\" class=\"alignnone  wp-image-376\" alt=\"IMG_0515\" src=\"http:\/\/montizel.enmontagne.net\/wp-content\/uploads\/2012\/12\/IMG_05151.jpg\" width=\"326\" height=\"244\" \/><\/a><\/p>\n<p>Apr\u00e8s un dimanche assez tranquille, nous sommes all\u00e9s faire la fermeture des pistes de ski de fond juste au-dessus de chez nous, \u00e0 la station d&rsquo;Orange-Montisel&#8230;GENIAL !<\/p>\n<p><a href=\"http:\/\/montizel.enmontagne.net\/?attachment_id=360\" rel=\"attachment wp-att-360\"><img loading=\"lazy\" decoding=\"async\" class=\"alignnone  wp-image-360\" alt=\"IMG_0522\" src=\"http:\/\/montizel.enmontagne.net\/wp-content\/uploads\/2012\/12\/IMG_0522.jpg\" width=\"326\" height=\"244\" \/><\/a> <a href=\"http:\/\/montizel.enmontagne.net\/?attachment_id=359\" rel=\"attachment wp-att-359\"><img loading=\"lazy\" decoding=\"async\" class=\"alignnone  wp-image-359\" alt=\"IMG_0519\" src=\"http:\/\/montizel.enmontagne.net\/wp-content\/uploads\/2012\/12\/IMG_0519.jpg\" width=\"326\" height=\"244\" \/><\/a> <a href=\"http:\/\/montizel.enmontagne.net\/?attachment_id=361\" rel=\"attachment wp-att-361\"><img loading=\"lazy\" decoding=\"async\" class=\"alignnone  wp-image-361\" alt=\"IMG_0524\" src=\"http:\/\/montizel.enmontagne.net\/wp-content\/uploads\/2012\/12\/IMG_0524.jpg\" width=\"326\" height=\"244\" \/><\/a><\/p>\n<p>Avec ce WE charg\u00e9, nous avons oubli\u00e9 d&rsquo;aller chercher la tenue de ski du nouveau club de Maxime ainsi que ses planches de classique&#8230; Il est beau, hein ?<\/p>\n<p><a href=\"http:\/\/montizel.enmontagne.net\/?attachment_id=368\" rel=\"attachment wp-att-368\"><img loading=\"lazy\" decoding=\"async\" class=\"alignnone  wp-image-368\" alt=\"IMG_0531\" src=\"http:\/\/montizel.enmontagne.net\/wp-content\/uploads\/2012\/12\/IMG_05311.jpg\" width=\"326\" height=\"244\" \/><\/a><a href=\"http:\/\/montizel.enmontagne.net\/?attachment_id=369\" rel=\"attachment wp-att-369\"><img loading=\"lazy\" decoding=\"async\" class=\"alignnone  wp-image-369\" alt=\"IMG_0532\" src=\"http:\/\/montizel.enmontagne.net\/wp-content\/uploads\/2012\/12\/IMG_05321.jpg\" width=\"326\" height=\"244\" \/><\/a>\u00a0 Perso, je pr\u00e9f\u00e8re son sponsor de dos !!!&#8230; glacier des Alpes \ud83d\ude09<\/p>\n<p>Le mercredi suivant, pendant que Maxime se d\u00e9foulait \u00e0 son premier cours de ski de fond du mercredi, aux Gli\u00e8res, nous avons fait de la luge avec les filles au d\u00e9part de la maison&#8230;dur, dur de remonter avec toute cette neige&#8230;y&rsquo;avait bien 50 bons centim\u00e8tres&#8230;hors cong\u00e8res !<\/p>\n<p><a href=\"http:\/\/montizel.enmontagne.net\/?attachment_id=367\" rel=\"attachment wp-att-367\"><img loading=\"lazy\" decoding=\"async\" class=\"alignnone  wp-image-367\" alt=\"IMG_0529\" src=\"http:\/\/montizel.enmontagne.net\/wp-content\/uploads\/2012\/12\/IMG_05291.jpg\" width=\"326\" height=\"244\" \/><\/a><\/p>\n<p>Ce dernier WE f\u00fbt plus tranquille&#8230;Neve a fait la gastro vendredi\/samedi. Ce qui ne nous a pas emp\u00each\u00e9 de trouver normalement nos pierres s\u00e8ches pour habiller la chemin\u00e9e ainsi que la fa\u00efence pour la cr\u00e9dence de la cuisine&#8230;<\/p>\n<p>Dimanche f\u00fbt plus rempli : d\u00e9jeuner chez les voisins : fondue et caf\u00e9 gourmand, avant d&rsquo;encha\u00eener chez C\u00e9cile qui nous avait invit\u00e9s avec les cousins Pittet au go\u00fbter , pendant qu&rsquo;Elin r\u00e9p\u00e9tait son audition de l&rsquo;\u00e9cole de musique pour un concert de 2 heures&#8230;<\/p>\n<p><a href=\"http:\/\/montizel.enmontagne.net\/?attachment_id=372\" rel=\"attachment wp-att-372\"><img loading=\"lazy\" decoding=\"async\" class=\"alignnone  wp-image-372\" alt=\"IMG_0537\" src=\"http:\/\/montizel.enmontagne.net\/wp-content\/uploads\/2012\/12\/IMG_05371.jpg\" width=\"326\" height=\"244\" \/><\/a><\/p>\n<p>Fin de la journ\u00e9e vers 19h45&#8230;et au dodo !!!!<\/p>\n<p>Depuis, Xavier a chop\u00e9 la gastro de Neve&#8230;: Gastro : 2\/5&#8230;en esp\u00e9rant qu&rsquo;elle ne fasse pas plus de d\u00e9g\u00e2ts !<\/p>\n<p>Maxime donne la r\u00e9plique lors d&rsquo;une pi\u00e8ce de th\u00e9atre mont\u00e9e par sa classe jeudi apr\u00e8s-midi, avant le 2e concert d&rsquo;Elin jeudi soir&#8230;<\/p>\n<p>OUF, les vacances arrivent et vont nous faire le plus grand bien !\u00a0Nous avons eu la joie hier soir d&rsquo;apprendre que nous avions trouv\u00e9 un appartement aux Rousses (JURA) pour pouvoir aller skier d\u00e8s le 1er janvier et passer quelques jours au pied des pistes de fond et d&rsquo;alpin !!!!&#8230;..Nous commencerons ainsi super bien l&rsquo;ann\u00e9e !<\/p>\n<p>Bises \u00e0 tous et \u00e0 tr\u00e8s bient\u00f4t.<\/p>\n","protected":false},"excerpt":{"rendered":"<p>Cela fait un moment que le blog n&rsquo;a pas \u00e9t\u00e9 mis \u00e0 jour&#8230;<\/p>\n","protected":false},"author":9,"featured_media":0,"comment_status":"open","ping_status":"open","sticky":false,"template":"","format":"standard","meta":{"footnotes":""},"categories":[],"tags":[],"class_list":["post-352","post","type-post","status-publish","format-standard","hentry"],"yoast_head":"<!-- This site is optimized with the Yoast SEO plugin v19.6.1 - https:\/\/yoast.com\/wordpress\/plugins\/seo\/ -->\n<title>Rattrapage des nouvelles... - Au rythme des saisons<\/title>\n<meta name=\"robots\" content=\"index, follow, max-snippet:-1, max-image-preview:large, max-video-preview:-1\" \/>\n<link rel=\"canonical\" href=\"https:\/\/montizel.enmontagne.net\/index.php\/2012\/12\/19\/rattrapage-des-nouvelles\/\" \/>\n<meta property=\"og:locale\" content=\"fr_FR\" \/>\n<meta property=\"og:type\" content=\"article\" \/>\n<meta property=\"og:title\" content=\"Rattrapage des nouvelles... - Au rythme des saisons\" \/>\n<meta property=\"og:description\" content=\"Cela fait un moment que le blog n&rsquo;a pas \u00e9t\u00e9 mis \u00e0 jour&#8230;\" \/>\n<meta property=\"og:url\" content=\"https:\/\/montizel.enmontagne.net\/index.php\/2012\/12\/19\/rattrapage-des-nouvelles\/\" \/>\n<meta property=\"og:site_name\" content=\"Au rythme des saisons\" \/>\n<meta property=\"article:published_time\" content=\"2012-12-19T12:24:22+00:00\" \/>\n<meta property=\"article:modified_time\" content=\"2013-01-07T21:35:36+00:00\" \/>\n<meta property=\"og:image\" content=\"http:\/\/montizel.enmontagne.net\/wp-content\/uploads\/2012\/12\/IMG_05081.jpg\" \/>\n<meta name=\"twitter:card\" content=\"summary_large_image\" \/>\n<meta name=\"twitter:label1\" content=\"\u00c9crit par\" \/>\n\t<meta name=\"twitter:data1\" content=\"\" \/>\n\t<meta name=\"twitter:label2\" content=\"Dur\u00e9e de lecture estim\u00e9e\" \/>\n\t<meta name=\"twitter:data2\" content=\"2 minutes\" \/>\n<script type=\"application\/ld+json\" class=\"yoast-schema-graph\">{\"@context\":\"https:\/\/schema.org\",\"@graph\":[{\"@type\":\"WebPage\",\"@id\":\"https:\/\/montizel.enmontagne.net\/index.php\/2012\/12\/19\/rattrapage-des-nouvelles\/\",\"url\":\"https:\/\/montizel.enmontagne.net\/index.php\/2012\/12\/19\/rattrapage-des-nouvelles\/\",\"name\":\"Rattrapage des nouvelles... - Au rythme des saisons\",\"isPartOf\":{\"@id\":\"https:\/\/montizel.enmontagne.net\/#website\"},\"datePublished\":\"2012-12-19T12:24:22+00:00\",\"dateModified\":\"2013-01-07T21:35:36+00:00\",\"author\":{\"@id\":\"\"},\"breadcrumb\":{\"@id\":\"https:\/\/montizel.enmontagne.net\/index.php\/2012\/12\/19\/rattrapage-des-nouvelles\/#breadcrumb\"},\"inLanguage\":\"fr-FR\",\"potentialAction\":[{\"@type\":\"ReadAction\",\"target\":[\"https:\/\/montizel.enmontagne.net\/index.php\/2012\/12\/19\/rattrapage-des-nouvelles\/\"]}]},{\"@type\":\"BreadcrumbList\",\"@id\":\"https:\/\/montizel.enmontagne.net\/index.php\/2012\/12\/19\/rattrapage-des-nouvelles\/#breadcrumb\",\"itemListElement\":[{\"@type\":\"ListItem\",\"position\":1,\"name\":\"Accueil\",\"item\":\"https:\/\/montizel.enmontagne.net\/\"},{\"@type\":\"ListItem\",\"position\":2,\"name\":\"Rattrapage des nouvelles&#8230;\"}]},{\"@type\":\"WebSite\",\"@id\":\"https:\/\/montizel.enmontagne.net\/#website\",\"url\":\"https:\/\/montizel.enmontagne.net\/\",\"name\":\"Au rythme des saisons\",\"description\":\"Just another WordPress site\",\"potentialAction\":[{\"@type\":\"SearchAction\",\"target\":{\"@type\":\"EntryPoint\",\"urlTemplate\":\"https:\/\/montizel.enmontagne.net\/?s={search_term_string}\"},\"query-input\":\"required name=search_term_string\"}],\"inLanguage\":\"fr-FR\"},{\"@type\":\"Person\",\"@id\":\"\",\"url\":\"https:\/\/montizel.enmontagne.net\/index.php\/author\/\"}]}<\/script>\n<!-- \/ Yoast SEO plugin. -->","yoast_head_json":{"title":"Rattrapage des nouvelles... - Au rythme des saisons","robots":{"index":"index","follow":"follow","max-snippet":"max-snippet:-1","max-image-preview":"max-image-preview:large","max-video-preview":"max-video-preview:-1"},"canonical":"https:\/\/montizel.enmontagne.net\/index.php\/2012\/12\/19\/rattrapage-des-nouvelles\/","og_locale":"fr_FR","og_type":"article","og_title":"Rattrapage des nouvelles... - Au rythme des saisons","og_description":"Cela fait un moment que le blog n&rsquo;a pas \u00e9t\u00e9 mis \u00e0 jour&#8230;","og_url":"https:\/\/montizel.enmontagne.net\/index.php\/2012\/12\/19\/rattrapage-des-nouvelles\/","og_site_name":"Au rythme des saisons","article_published_time":"2012-12-19T12:24:22+00:00","article_modified_time":"2013-01-07T21:35:36+00:00","og_image":[{"url":"http:\/\/montizel.enmontagne.net\/wp-content\/uploads\/2012\/12\/IMG_05081.jpg"}],"twitter_card":"summary_large_image","twitter_misc":{"\u00c9crit par":"","Dur\u00e9e de lecture estim\u00e9e":"2 minutes"},"schema":{"@context":"https:\/\/schema.org","@graph":[{"@type":"WebPage","@id":"https:\/\/montizel.enmontagne.net\/index.php\/2012\/12\/19\/rattrapage-des-nouvelles\/","url":"https:\/\/montizel.enmontagne.net\/index.php\/2012\/12\/19\/rattrapage-des-nouvelles\/","name":"Rattrapage des nouvelles... - Au rythme des saisons","isPartOf":{"@id":"https:\/\/montizel.enmontagne.net\/#website"},"datePublished":"2012-12-19T12:24:22+00:00","dateModified":"2013-01-07T21:35:36+00:00","author":{"@id":""},"breadcrumb":{"@id":"https:\/\/montizel.enmontagne.net\/index.php\/2012\/12\/19\/rattrapage-des-nouvelles\/#breadcrumb"},"inLanguage":"fr-FR","potentialAction":[{"@type":"ReadAction","target":["https:\/\/montizel.enmontagne.net\/index.php\/2012\/12\/19\/rattrapage-des-nouvelles\/"]}]},{"@type":"BreadcrumbList","@id":"https:\/\/montizel.enmontagne.net\/index.php\/2012\/12\/19\/rattrapage-des-nouvelles\/#breadcrumb","itemListElement":[{"@type":"ListItem","position":1,"name":"Accueil","item":"https:\/\/montizel.enmontagne.net\/"},{"@type":"ListItem","position":2,"name":"Rattrapage des nouvelles&#8230;"}]},{"@type":"WebSite","@id":"https:\/\/montizel.enmontagne.net\/#website","url":"https:\/\/montizel.enmontagne.net\/","name":"Au rythme des saisons","description":"Just another WordPress site","potentialAction":[{"@type":"SearchAction","target":{"@type":"EntryPoint","urlTemplate":"https:\/\/montizel.enmontagne.net\/?s={search_term_string}"},"query-input":"required name=search_term_string"}],"inLanguage":"fr-FR"},{"@type":"Person","@id":"","url":"https:\/\/montizel.enmontagne.net\/index.php\/author\/"}]}},"_links":{"self":[{"href":"https:\/\/montizel.enmontagne.net\/index.php\/wp-json\/wp\/v2\/posts\/352","targetHints":{"allow":["GET"]}}],"collection":[{"href":"https:\/\/montizel.enmontagne.net\/index.php\/wp-json\/wp\/v2\/posts"}],"about":[{"href":"https:\/\/montizel.enmontagne.net\/index.php\/wp-json\/wp\/v2\/types\/post"}],"author":[{"embeddable":true,"href":"https:\/\/montizel.enmontagne.net\/index.php\/wp-json\/wp\/v2\/users\/9"}],"replies":[{"embeddable":true,"href":"https:\/\/montizel.enmontagne.net\/index.php\/wp-json\/wp\/v2\/comments?post=352"}],"version-history":[{"count":4,"href":"https:\/\/montizel.enmontagne.net\/index.php\/wp-json\/wp\/v2\/posts\/352\/revisions"}],"predecessor-version":[{"id":383,"href":"https:\/\/montizel.enmontagne.net\/index.php\/wp-json\/wp\/v2\/posts\/352\/revisions\/383"}],"wp:attachment":[{"href":"https:\/\/montizel.enmontagne.net\/index.php\/wp-json\/wp\/v2\/media?parent=352"}],"wp:term":[{"taxonomy":"category","embeddable":true,"href":"https:\/\/montizel.enmontagne.net\/index.php\/wp-json\/wp\/v2\/categories?post=352"},{"taxonomy":"post_tag","embeddable":true,"href":"https:\/\/montizel.enmontagne.net\/index.php\/wp-json\/wp\/v2\/tags?post=352"}],"curies":[{"name":"wp","href":"https:\/\/api.w.org\/{rel}","templated":true}]}}