{"id":386,"date":"2013-01-02T15:55:56","date_gmt":"2013-01-02T14:55:56","guid":{"rendered":"http:\/\/montizel.enmontagne.net\/?p=386"},"modified":"2013-01-02T15:55:56","modified_gmt":"2013-01-02T14:55:56","slug":"nouvelles-du-ski","status":"publish","type":"post","link":"https:\/\/montizel.enmontagne.net\/index.php\/2013\/01\/02\/nouvelles-du-ski\/","title":{"rendered":"Nouvelles du ski"},"content":{"rendered":"<p>Et voici les nouvelles du jura&#8230;en direct live des pistes de La Darbella!<br \/>\nAlors apr\u00e8s une arriv\u00e9e tranquille hier apr\u00e8s midi et un rep\u00e9rage des pistes ferm\u00e9es des Rousses, nous nous sommes install\u00e9s chaudement dans le logement. Apr\u00e8s une bonne tisane, nous avons savour\u00e9 un long moment TV et atelier perles pour les filles.<br \/>\nIl neigeait et le temps se pr\u00eatait peu \u00e0 une sortie ski&#8230;<br \/>\nCe matin, petites courses et rep\u00e9rage d&rsquo;un grand domaine totalement skiable.<br \/>\nPique-nique \u00e0 l&rsquo;appart&rsquo; et nous \u00e9tions sur les pistes vers 13h !!!<br \/>\nNeve a fait 1.8 km et de la luge; Elin : 6,2km et Maxime 12,1km<\/p>\n","protected":false},"excerpt":{"rendered":"<p>Et voici les nouvelles du jura&#8230;en direct live des pistes de La Darbella! Alors apr\u00e8s une arriv\u00e9e tranquille hier apr\u00e8s midi et un rep\u00e9rage des pistes ferm\u00e9es des Rousses, nous nous sommes install\u00e9s chaudement dans le logement. Apr\u00e8s une bonne tisane, nous avons savour\u00e9 un long moment TV et atelier perles pour les filles. Il [&hellip;]<\/p>\n","protected":false},"author":9,"featured_media":0,"comment_status":"open","ping_status":"open","sticky":false,"template":"","format":"standard","meta":{"footnotes":""},"categories":[],"tags":[],"class_list":["post-386","post","type-post","status-publish","format-standard","hentry"],"yoast_head":"<!-- This site is optimized with the Yoast SEO plugin v19.6.1 - https:\/\/yoast.com\/wordpress\/plugins\/seo\/ -->\n<title>Nouvelles du ski - Au rythme des saisons<\/title>\n<meta name=\"robots\" content=\"index, follow, max-snippet:-1, max-image-preview:large, max-video-preview:-1\" \/>\n<link rel=\"canonical\" href=\"https:\/\/montizel.enmontagne.net\/index.php\/2013\/01\/02\/nouvelles-du-ski\/\" \/>\n<meta property=\"og:locale\" content=\"fr_FR\" \/>\n<meta property=\"og:type\" content=\"article\" \/>\n<meta property=\"og:title\" content=\"Nouvelles du ski - Au rythme des saisons\" \/>\n<meta property=\"og:description\" content=\"Et voici les nouvelles du jura&#8230;en direct live des pistes de La Darbella! Alors apr\u00e8s une arriv\u00e9e tranquille hier apr\u00e8s midi et un rep\u00e9rage des pistes ferm\u00e9es des Rousses, nous nous sommes install\u00e9s chaudement dans le logement. Apr\u00e8s une bonne tisane, nous avons savour\u00e9 un long moment TV et atelier perles pour les filles. Il [&hellip;]\" \/>\n<meta property=\"og:url\" content=\"https:\/\/montizel.enmontagne.net\/index.php\/2013\/01\/02\/nouvelles-du-ski\/\" \/>\n<meta property=\"og:site_name\" content=\"Au rythme des saisons\" \/>\n<meta property=\"article:published_time\" content=\"2013-01-02T14:55:56+00:00\" \/>\n<meta name=\"twitter:card\" content=\"summary_large_image\" \/>\n<meta name=\"twitter:label1\" content=\"\u00c9crit par\" \/>\n\t<meta name=\"twitter:data1\" content=\"\" \/>\n\t<meta name=\"twitter:label2\" content=\"Dur\u00e9e de lecture estim\u00e9e\" \/>\n\t<meta name=\"twitter:data2\" content=\"1 minute\" \/>\n<script type=\"application\/ld+json\" class=\"yoast-schema-graph\">{\"@context\":\"https:\/\/schema.org\",\"@graph\":[{\"@type\":\"WebPage\",\"@id\":\"https:\/\/montizel.enmontagne.net\/index.php\/2013\/01\/02\/nouvelles-du-ski\/\",\"url\":\"https:\/\/montizel.enmontagne.net\/index.php\/2013\/01\/02\/nouvelles-du-ski\/\",\"name\":\"Nouvelles du ski - Au rythme des saisons\",\"isPartOf\":{\"@id\":\"https:\/\/montizel.enmontagne.net\/#website\"},\"datePublished\":\"2013-01-02T14:55:56+00:00\",\"dateModified\":\"2013-01-02T14:55:56+00:00\",\"author\":{\"@id\":\"\"},\"breadcrumb\":{\"@id\":\"https:\/\/montizel.enmontagne.net\/index.php\/2013\/01\/02\/nouvelles-du-ski\/#breadcrumb\"},\"inLanguage\":\"fr-FR\",\"potentialAction\":[{\"@type\":\"ReadAction\",\"target\":[\"https:\/\/montizel.enmontagne.net\/index.php\/2013\/01\/02\/nouvelles-du-ski\/\"]}]},{\"@type\":\"BreadcrumbList\",\"@id\":\"https:\/\/montizel.enmontagne.net\/index.php\/2013\/01\/02\/nouvelles-du-ski\/#breadcrumb\",\"itemListElement\":[{\"@type\":\"ListItem\",\"position\":1,\"name\":\"Accueil\",\"item\":\"https:\/\/montizel.enmontagne.net\/\"},{\"@type\":\"ListItem\",\"position\":2,\"name\":\"Nouvelles du ski\"}]},{\"@type\":\"WebSite\",\"@id\":\"https:\/\/montizel.enmontagne.net\/#website\",\"url\":\"https:\/\/montizel.enmontagne.net\/\",\"name\":\"Au rythme des saisons\",\"description\":\"Just another WordPress site\",\"potentialAction\":[{\"@type\":\"SearchAction\",\"target\":{\"@type\":\"EntryPoint\",\"urlTemplate\":\"https:\/\/montizel.enmontagne.net\/?s={search_term_string}\"},\"query-input\":\"required name=search_term_string\"}],\"inLanguage\":\"fr-FR\"},{\"@type\":\"Person\",\"@id\":\"\",\"url\":\"https:\/\/montizel.enmontagne.net\/index.php\/author\/\"}]}<\/script>\n<!-- \/ Yoast SEO plugin. -->","yoast_head_json":{"title":"Nouvelles du ski - Au rythme des saisons","robots":{"index":"index","follow":"follow","max-snippet":"max-snippet:-1","max-image-preview":"max-image-preview:large","max-video-preview":"max-video-preview:-1"},"canonical":"https:\/\/montizel.enmontagne.net\/index.php\/2013\/01\/02\/nouvelles-du-ski\/","og_locale":"fr_FR","og_type":"article","og_title":"Nouvelles du ski - Au rythme des saisons","og_description":"Et voici les nouvelles du jura&#8230;en direct live des pistes de La Darbella! Alors apr\u00e8s une arriv\u00e9e tranquille hier apr\u00e8s midi et un rep\u00e9rage des pistes ferm\u00e9es des Rousses, nous nous sommes install\u00e9s chaudement dans le logement. Apr\u00e8s une bonne tisane, nous avons savour\u00e9 un long moment TV et atelier perles pour les filles. Il [&hellip;]","og_url":"https:\/\/montizel.enmontagne.net\/index.php\/2013\/01\/02\/nouvelles-du-ski\/","og_site_name":"Au rythme des saisons","article_published_time":"2013-01-02T14:55:56+00:00","twitter_card":"summary_large_image","twitter_misc":{"\u00c9crit par":"","Dur\u00e9e de lecture estim\u00e9e":"1 minute"},"schema":{"@context":"https:\/\/schema.org","@graph":[{"@type":"WebPage","@id":"https:\/\/montizel.enmontagne.net\/index.php\/2013\/01\/02\/nouvelles-du-ski\/","url":"https:\/\/montizel.enmontagne.net\/index.php\/2013\/01\/02\/nouvelles-du-ski\/","name":"Nouvelles du ski - Au rythme des saisons","isPartOf":{"@id":"https:\/\/montizel.enmontagne.net\/#website"},"datePublished":"2013-01-02T14:55:56+00:00","dateModified":"2013-01-02T14:55:56+00:00","author":{"@id":""},"breadcrumb":{"@id":"https:\/\/montizel.enmontagne.net\/index.php\/2013\/01\/02\/nouvelles-du-ski\/#breadcrumb"},"inLanguage":"fr-FR","potentialAction":[{"@type":"ReadAction","target":["https:\/\/montizel.enmontagne.net\/index.php\/2013\/01\/02\/nouvelles-du-ski\/"]}]},{"@type":"BreadcrumbList","@id":"https:\/\/montizel.enmontagne.net\/index.php\/2013\/01\/02\/nouvelles-du-ski\/#breadcrumb","itemListElement":[{"@type":"ListItem","position":1,"name":"Accueil","item":"https:\/\/montizel.enmontagne.net\/"},{"@type":"ListItem","position":2,"name":"Nouvelles du ski"}]},{"@type":"WebSite","@id":"https:\/\/montizel.enmontagne.net\/#website","url":"https:\/\/montizel.enmontagne.net\/","name":"Au rythme des saisons","description":"Just another WordPress site","potentialAction":[{"@type":"SearchAction","target":{"@type":"EntryPoint","urlTemplate":"https:\/\/montizel.enmontagne.net\/?s={search_term_string}"},"query-input":"required name=search_term_string"}],"inLanguage":"fr-FR"},{"@type":"Person","@id":"","url":"https:\/\/montizel.enmontagne.net\/index.php\/author\/"}]}},"_links":{"self":[{"href":"https:\/\/montizel.enmontagne.net\/index.php\/wp-json\/wp\/v2\/posts\/386","targetHints":{"allow":["GET"]}}],"collection":[{"href":"https:\/\/montizel.enmontagne.net\/index.php\/wp-json\/wp\/v2\/posts"}],"about":[{"href":"https:\/\/montizel.enmontagne.net\/index.php\/wp-json\/wp\/v2\/types\/post"}],"author":[{"embeddable":true,"href":"https:\/\/montizel.enmontagne.net\/index.php\/wp-json\/wp\/v2\/users\/9"}],"replies":[{"embeddable":true,"href":"https:\/\/montizel.enmontagne.net\/index.php\/wp-json\/wp\/v2\/comments?post=386"}],"version-history":[{"count":1,"href":"https:\/\/montizel.enmontagne.net\/index.php\/wp-json\/wp\/v2\/posts\/386\/revisions"}],"predecessor-version":[{"id":414,"href":"https:\/\/montizel.enmontagne.net\/index.php\/wp-json\/wp\/v2\/posts\/386\/revisions\/414"}],"wp:attachment":[{"href":"https:\/\/montizel.enmontagne.net\/index.php\/wp-json\/wp\/v2\/media?parent=386"}],"wp:term":[{"taxonomy":"category","embeddable":true,"href":"https:\/\/montizel.enmontagne.net\/index.php\/wp-json\/wp\/v2\/categories?post=386"},{"taxonomy":"post_tag","embeddable":true,"href":"https:\/\/montizel.enmontagne.net\/index.php\/wp-json\/wp\/v2\/tags?post=386"}],"curies":[{"name":"wp","href":"https:\/\/api.w.org\/{rel}","templated":true}]}}