{"id":388,"date":"2013-01-04T12:19:57","date_gmt":"2013-01-04T11:19:57","guid":{"rendered":"http:\/\/montizel.enmontagne.net\/?p=388"},"modified":"2013-11-27T17:18:40","modified_gmt":"2013-11-27T16:18:40","slug":"deuxieme-jour-de-ski-dans-ljura","status":"publish","type":"post","link":"https:\/\/montizel.enmontagne.net\/index.php\/2013\/01\/04\/deuxieme-jour-de-ski-dans-ljura\/","title":{"rendered":"Deuxi\u00e8me jour de ski dans l&rsquo;Jura"},"content":{"rendered":"<p>Aujourd&rsquo;hui : ski le matin et ski l&rsquo;apr\u00e8s midi !<br \/>\nNeve a fait pr\u00e8s de 6km, Elin un peu plus, mais \u00e0 voulu faire du skating \ud83d\ude09<!--more--><\/p>\n<p><a href=\"http:\/\/montizel.enmontagne.net\/wp-content\/uploads\/2013\/01\/20130104-121946.jpg\"><img decoding=\"async\" class=\"alignnone size-full\" alt=\"20130104-121946.jpg\" src=\"http:\/\/montizel.enmontagne.net\/wp-content\/uploads\/2013\/01\/20130104-121946.jpg\" \/><\/a><\/p>\n<p><a href=\"http:\/\/montizel.enmontagne.net\/wp-content\/uploads\/2013\/01\/20130104-122245.jpg\"><img decoding=\"async\" class=\"alignnone size-full\" alt=\"20130104-122245.jpg\" src=\"http:\/\/montizel.enmontagne.net\/wp-content\/uploads\/2013\/01\/20130104-122245.jpg\" \/><\/a><\/p>\n<p><a href=\"http:\/\/montizel.enmontagne.net\/wp-content\/uploads\/2013\/01\/20130104-122307.jpg\"><img decoding=\"async\" class=\"alignnone size-full\" alt=\"20130104-122307.jpg\" src=\"http:\/\/montizel.enmontagne.net\/wp-content\/uploads\/2013\/01\/20130104-122307.jpg\" \/><\/a><\/p>\n<p><a href=\"http:\/\/montizel.enmontagne.net\/wp-content\/uploads\/2013\/01\/20130104-122512.jpg\"><img decoding=\"async\" class=\"alignnone size-full\" alt=\"20130104-122512.jpg\" src=\"http:\/\/montizel.enmontagne.net\/wp-content\/uploads\/2013\/01\/20130104-122512.jpg\" \/><\/a><\/p>\n<p><a href=\"http:\/\/montizel.enmontagne.net\/wp-content\/uploads\/2013\/01\/20130104-122548.jpg\"><img decoding=\"async\" class=\"alignnone size-full\" alt=\"20130104-122548.jpg\" src=\"http:\/\/montizel.enmontagne.net\/wp-content\/uploads\/2013\/01\/20130104-122548.jpg\" \/><\/a><\/p>\n<p>Contrairement \u00e0 ce que peut annoncer la m\u00e9t\u00e9o, nous avons un grand ciel bleu &#8230;<br \/>\nVendredi, ski d\u00e8s le matin, le papa avec ses filles le matin et l&rsquo;inverse l&rsquo;apr\u00e8s midi &#8230;<br \/>\nCela nous fait du bien \u00e0 tous de commencer l&rsquo;ann\u00e9e sportivement et tranquillement, en famille&#8230;<\/p>\n","protected":false},"excerpt":{"rendered":"<p>Aujourd&rsquo;hui : ski le matin et ski l&rsquo;apr\u00e8s midi ! Neve a fait pr\u00e8s de 6km, Elin un peu plus, mais \u00e0 voulu faire du skating \ud83d\ude09<\/p>\n","protected":false},"author":9,"featured_media":0,"comment_status":"open","ping_status":"open","sticky":false,"template":"","format":"standard","meta":{"footnotes":""},"categories":[],"tags":[],"class_list":["post-388","post","type-post","status-publish","format-standard","hentry"],"yoast_head":"<!-- This site is optimized with the Yoast SEO plugin v19.6.1 - https:\/\/yoast.com\/wordpress\/plugins\/seo\/ -->\n<title>Deuxi\u00e8me jour de ski dans l&#039;Jura - Au rythme des saisons<\/title>\n<meta name=\"robots\" content=\"index, follow, max-snippet:-1, max-image-preview:large, max-video-preview:-1\" \/>\n<link rel=\"canonical\" href=\"https:\/\/montizel.enmontagne.net\/index.php\/2013\/01\/04\/deuxieme-jour-de-ski-dans-ljura\/\" \/>\n<meta property=\"og:locale\" content=\"fr_FR\" \/>\n<meta property=\"og:type\" content=\"article\" \/>\n<meta property=\"og:title\" content=\"Deuxi\u00e8me jour de ski dans l&#039;Jura - Au rythme des saisons\" \/>\n<meta property=\"og:description\" content=\"Aujourd&rsquo;hui : ski le matin et ski l&rsquo;apr\u00e8s midi ! Neve a fait pr\u00e8s de 6km, Elin un peu plus, mais \u00e0 voulu faire du skating \ud83d\ude09\" \/>\n<meta property=\"og:url\" content=\"https:\/\/montizel.enmontagne.net\/index.php\/2013\/01\/04\/deuxieme-jour-de-ski-dans-ljura\/\" \/>\n<meta property=\"og:site_name\" content=\"Au rythme des saisons\" \/>\n<meta property=\"article:published_time\" content=\"2013-01-04T11:19:57+00:00\" \/>\n<meta property=\"article:modified_time\" content=\"2013-11-27T16:18:40+00:00\" \/>\n<meta property=\"og:image\" content=\"http:\/\/montizel.enmontagne.net\/wp-content\/uploads\/2013\/01\/20130104-121946.jpg\" \/>\n<meta name=\"twitter:card\" content=\"summary_large_image\" \/>\n<meta name=\"twitter:label1\" content=\"\u00c9crit par\" \/>\n\t<meta name=\"twitter:data1\" content=\"\" \/>\n<script type=\"application\/ld+json\" class=\"yoast-schema-graph\">{\"@context\":\"https:\/\/schema.org\",\"@graph\":[{\"@type\":\"WebPage\",\"@id\":\"https:\/\/montizel.enmontagne.net\/index.php\/2013\/01\/04\/deuxieme-jour-de-ski-dans-ljura\/\",\"url\":\"https:\/\/montizel.enmontagne.net\/index.php\/2013\/01\/04\/deuxieme-jour-de-ski-dans-ljura\/\",\"name\":\"Deuxi\u00e8me jour de ski dans l'Jura - Au rythme des saisons\",\"isPartOf\":{\"@id\":\"https:\/\/montizel.enmontagne.net\/#website\"},\"datePublished\":\"2013-01-04T11:19:57+00:00\",\"dateModified\":\"2013-11-27T16:18:40+00:00\",\"author\":{\"@id\":\"\"},\"breadcrumb\":{\"@id\":\"https:\/\/montizel.enmontagne.net\/index.php\/2013\/01\/04\/deuxieme-jour-de-ski-dans-ljura\/#breadcrumb\"},\"inLanguage\":\"fr-FR\",\"potentialAction\":[{\"@type\":\"ReadAction\",\"target\":[\"https:\/\/montizel.enmontagne.net\/index.php\/2013\/01\/04\/deuxieme-jour-de-ski-dans-ljura\/\"]}]},{\"@type\":\"BreadcrumbList\",\"@id\":\"https:\/\/montizel.enmontagne.net\/index.php\/2013\/01\/04\/deuxieme-jour-de-ski-dans-ljura\/#breadcrumb\",\"itemListElement\":[{\"@type\":\"ListItem\",\"position\":1,\"name\":\"Accueil\",\"item\":\"https:\/\/montizel.enmontagne.net\/\"},{\"@type\":\"ListItem\",\"position\":2,\"name\":\"Deuxi\u00e8me jour de ski dans l&rsquo;Jura\"}]},{\"@type\":\"WebSite\",\"@id\":\"https:\/\/montizel.enmontagne.net\/#website\",\"url\":\"https:\/\/montizel.enmontagne.net\/\",\"name\":\"Au rythme des saisons\",\"description\":\"Just another WordPress site\",\"potentialAction\":[{\"@type\":\"SearchAction\",\"target\":{\"@type\":\"EntryPoint\",\"urlTemplate\":\"https:\/\/montizel.enmontagne.net\/?s={search_term_string}\"},\"query-input\":\"required name=search_term_string\"}],\"inLanguage\":\"fr-FR\"},{\"@type\":\"Person\",\"@id\":\"\",\"url\":\"https:\/\/montizel.enmontagne.net\/index.php\/author\/\"}]}<\/script>\n<!-- \/ Yoast SEO plugin. -->","yoast_head_json":{"title":"Deuxi\u00e8me jour de ski dans l'Jura - Au rythme des saisons","robots":{"index":"index","follow":"follow","max-snippet":"max-snippet:-1","max-image-preview":"max-image-preview:large","max-video-preview":"max-video-preview:-1"},"canonical":"https:\/\/montizel.enmontagne.net\/index.php\/2013\/01\/04\/deuxieme-jour-de-ski-dans-ljura\/","og_locale":"fr_FR","og_type":"article","og_title":"Deuxi\u00e8me jour de ski dans l'Jura - Au rythme des saisons","og_description":"Aujourd&rsquo;hui : ski le matin et ski l&rsquo;apr\u00e8s midi ! Neve a fait pr\u00e8s de 6km, Elin un peu plus, mais \u00e0 voulu faire du skating \ud83d\ude09","og_url":"https:\/\/montizel.enmontagne.net\/index.php\/2013\/01\/04\/deuxieme-jour-de-ski-dans-ljura\/","og_site_name":"Au rythme des saisons","article_published_time":"2013-01-04T11:19:57+00:00","article_modified_time":"2013-11-27T16:18:40+00:00","og_image":[{"url":"http:\/\/montizel.enmontagne.net\/wp-content\/uploads\/2013\/01\/20130104-121946.jpg"}],"twitter_card":"summary_large_image","twitter_misc":{"\u00c9crit par":""},"schema":{"@context":"https:\/\/schema.org","@graph":[{"@type":"WebPage","@id":"https:\/\/montizel.enmontagne.net\/index.php\/2013\/01\/04\/deuxieme-jour-de-ski-dans-ljura\/","url":"https:\/\/montizel.enmontagne.net\/index.php\/2013\/01\/04\/deuxieme-jour-de-ski-dans-ljura\/","name":"Deuxi\u00e8me jour de ski dans l'Jura - Au rythme des saisons","isPartOf":{"@id":"https:\/\/montizel.enmontagne.net\/#website"},"datePublished":"2013-01-04T11:19:57+00:00","dateModified":"2013-11-27T16:18:40+00:00","author":{"@id":""},"breadcrumb":{"@id":"https:\/\/montizel.enmontagne.net\/index.php\/2013\/01\/04\/deuxieme-jour-de-ski-dans-ljura\/#breadcrumb"},"inLanguage":"fr-FR","potentialAction":[{"@type":"ReadAction","target":["https:\/\/montizel.enmontagne.net\/index.php\/2013\/01\/04\/deuxieme-jour-de-ski-dans-ljura\/"]}]},{"@type":"BreadcrumbList","@id":"https:\/\/montizel.enmontagne.net\/index.php\/2013\/01\/04\/deuxieme-jour-de-ski-dans-ljura\/#breadcrumb","itemListElement":[{"@type":"ListItem","position":1,"name":"Accueil","item":"https:\/\/montizel.enmontagne.net\/"},{"@type":"ListItem","position":2,"name":"Deuxi\u00e8me jour de ski dans l&rsquo;Jura"}]},{"@type":"WebSite","@id":"https:\/\/montizel.enmontagne.net\/#website","url":"https:\/\/montizel.enmontagne.net\/","name":"Au rythme des saisons","description":"Just another WordPress site","potentialAction":[{"@type":"SearchAction","target":{"@type":"EntryPoint","urlTemplate":"https:\/\/montizel.enmontagne.net\/?s={search_term_string}"},"query-input":"required name=search_term_string"}],"inLanguage":"fr-FR"},{"@type":"Person","@id":"","url":"https:\/\/montizel.enmontagne.net\/index.php\/author\/"}]}},"_links":{"self":[{"href":"https:\/\/montizel.enmontagne.net\/index.php\/wp-json\/wp\/v2\/posts\/388","targetHints":{"allow":["GET"]}}],"collection":[{"href":"https:\/\/montizel.enmontagne.net\/index.php\/wp-json\/wp\/v2\/posts"}],"about":[{"href":"https:\/\/montizel.enmontagne.net\/index.php\/wp-json\/wp\/v2\/types\/post"}],"author":[{"embeddable":true,"href":"https:\/\/montizel.enmontagne.net\/index.php\/wp-json\/wp\/v2\/users\/9"}],"replies":[{"embeddable":true,"href":"https:\/\/montizel.enmontagne.net\/index.php\/wp-json\/wp\/v2\/comments?post=388"}],"version-history":[{"count":3,"href":"https:\/\/montizel.enmontagne.net\/index.php\/wp-json\/wp\/v2\/posts\/388\/revisions"}],"predecessor-version":[{"id":396,"href":"https:\/\/montizel.enmontagne.net\/index.php\/wp-json\/wp\/v2\/posts\/388\/revisions\/396"}],"wp:attachment":[{"href":"https:\/\/montizel.enmontagne.net\/index.php\/wp-json\/wp\/v2\/media?parent=388"}],"wp:term":[{"taxonomy":"category","embeddable":true,"href":"https:\/\/montizel.enmontagne.net\/index.php\/wp-json\/wp\/v2\/categories?post=388"},{"taxonomy":"post_tag","embeddable":true,"href":"https:\/\/montizel.enmontagne.net\/index.php\/wp-json\/wp\/v2\/tags?post=388"}],"curies":[{"name":"wp","href":"https:\/\/api.w.org\/{rel}","templated":true}]}}