{"id":397,"date":"2013-01-04T16:00:38","date_gmt":"2013-01-04T15:00:38","guid":{"rendered":"http:\/\/montizel.enmontagne.net\/?p=397"},"modified":"2013-02-11T14:53:50","modified_gmt":"2013-02-11T13:53:50","slug":"jura","status":"publish","type":"post","link":"https:\/\/montizel.enmontagne.net\/index.php\/2013\/01\/04\/jura\/","title":{"rendered":"Jura"},"content":{"rendered":"<p>Et voici des vid\u00e9os qui parlent d&rsquo;elles m\u00eames&#8230;.<br \/>\nSuperbe temps , on profite du matin au soir !<!--more--><\/p>\n<p>Bises<br \/>\n[embedplusvideo height=\u00a0\u00bb388&Prime; width=\u00a0\u00bb640&Prime; standard=\u00a0\u00bbhttp:\/\/www.youtube.com\/v\/QktsPqa4YOs?fs=1&amp;hd=1&Prime; vars=\u00a0\u00bbytid=QktsPqa4YOs&amp;width=640&amp;height=388&amp;start=&amp;stop=&amp;rs=w&amp;hd=1&amp;autoplay=1&amp;react=0&amp;chapters=&amp;notes=\u00a0\u00bb id=\u00a0\u00bbep1355&Prime; \/]<a href=\"http:\/\/www.youtube.com\/watch?v=QktsPqa4YOs\"><br \/>\n<\/a><\/p>\n<p>[embedplusvideo height=\u00a0\u00bb388&Prime; width=\u00a0\u00bb640&Prime; standard=\u00a0\u00bbhttp:\/\/www.youtube.com\/v\/A8LTtWaypiM?fs=1&amp;hd=1&Prime; vars=\u00a0\u00bbytid=A8LTtWaypiM&amp;width=640&amp;height=388&amp;start=&amp;stop=&amp;rs=w&amp;hd=1&amp;autoplay=1&amp;react=0&amp;chapters=&amp;notes=\u00a0\u00bb id=\u00a0\u00bbep7911&Prime; \/]<a href=\"http:\/\/www.youtube.com\/watch?v=A8LTtWaypiM\"><br \/>\n<\/a><\/p>\n<p>[embedplusvideo height=\u00a0\u00bb388&Prime; width=\u00a0\u00bb640&Prime; standard=\u00a0\u00bbhttp:\/\/www.youtube.com\/v\/AyqVhEjcdZQ?fs=1&amp;hd=1&Prime; vars=\u00a0\u00bbytid=AyqVhEjcdZQ&amp;width=640&amp;height=388&amp;start=&amp;stop=&amp;rs=w&amp;hd=1&amp;autoplay=1&amp;react=0&amp;chapters=&amp;notes=\u00a0\u00bb id=\u00a0\u00bbep5287&Prime; \/]<\/p>\n<p>[embedplusvideo height=\u00a0\u00bb507&Prime; width=\u00a0\u00bb640&Prime; standard=\u00a0\u00bbhttp:\/\/www.youtube.com\/v\/y2w4VUnM_yc?fs=1&amp;hd=1&Prime; vars=\u00a0\u00bbytid=y2w4VUnM_yc&amp;width=640&amp;height=507&amp;start=&amp;stop=&amp;rs=w&amp;hd=1&amp;autoplay=1&amp;react=0&amp;chapters=&amp;notes=\u00a0\u00bb id=\u00a0\u00bbep4843&Prime; \/]<\/p>\n<p>[embedplusvideo height=\u00a0\u00bb388&Prime; width=\u00a0\u00bb640&Prime; standard=\u00a0\u00bbhttp:\/\/www.youtube.com\/v\/CzG8LvB8O9E?fs=1&amp;hd=1&Prime; vars=\u00a0\u00bbytid=CzG8LvB8O9E&amp;width=640&amp;height=388&amp;start=&amp;stop=&amp;rs=w&amp;hd=1&amp;autoplay=1&amp;react=0&amp;chapters=&amp;notes=\u00a0\u00bb id=\u00a0\u00bbep1648&Prime; \/]<\/p>\n<p><a href=\"http:\/\/montizel.enmontagne.net\/wp-content\/uploads\/2013\/01\/20130105-145003.jpg\"><img decoding=\"async\" class=\"alignnone size-full\" alt=\"20130105-145003.jpg\" src=\"http:\/\/montizel.enmontagne.net\/wp-content\/uploads\/2013\/01\/20130105-145003.jpg\" \/><\/a><\/p>\n<p><a href=\"http:\/\/montizel.enmontagne.net\/wp-content\/uploads\/2013\/01\/20130105-145429.jpg\"><img decoding=\"async\" class=\"alignnone size-full\" alt=\"20130105-145429.jpg\" src=\"http:\/\/montizel.enmontagne.net\/wp-content\/uploads\/2013\/01\/20130105-145429.jpg\" \/><\/a><\/p>\n","protected":false},"excerpt":{"rendered":"<p>Et voici des vid\u00e9os qui parlent d&rsquo;elles m\u00eames&#8230;. Superbe temps , on profite du matin au soir !<\/p>\n","protected":false},"author":9,"featured_media":0,"comment_status":"open","ping_status":"open","sticky":false,"template":"","format":"standard","meta":{"footnotes":""},"categories":[],"tags":[],"class_list":["post-397","post","type-post","status-publish","format-standard","hentry"],"yoast_head":"<!-- This site is optimized with the Yoast SEO plugin v19.6.1 - https:\/\/yoast.com\/wordpress\/plugins\/seo\/ -->\n<title>Jura - Au rythme des saisons<\/title>\n<meta name=\"robots\" content=\"index, follow, max-snippet:-1, max-image-preview:large, max-video-preview:-1\" \/>\n<link rel=\"canonical\" href=\"https:\/\/montizel.enmontagne.net\/index.php\/2013\/01\/04\/jura\/\" \/>\n<meta property=\"og:locale\" content=\"fr_FR\" \/>\n<meta property=\"og:type\" content=\"article\" \/>\n<meta property=\"og:title\" content=\"Jura - Au rythme des saisons\" \/>\n<meta property=\"og:description\" content=\"Et voici des vid\u00e9os qui parlent d&rsquo;elles m\u00eames&#8230;. Superbe temps , on profite du matin au soir !\" \/>\n<meta property=\"og:url\" content=\"https:\/\/montizel.enmontagne.net\/index.php\/2013\/01\/04\/jura\/\" \/>\n<meta property=\"og:site_name\" content=\"Au rythme des saisons\" \/>\n<meta property=\"article:published_time\" content=\"2013-01-04T15:00:38+00:00\" \/>\n<meta property=\"article:modified_time\" content=\"2013-02-11T13:53:50+00:00\" \/>\n<meta property=\"og:image\" content=\"http:\/\/montizel.enmontagne.net\/wp-content\/uploads\/2013\/01\/20130105-145003.jpg\" \/>\n<meta name=\"twitter:card\" content=\"summary_large_image\" \/>\n<meta name=\"twitter:label1\" content=\"\u00c9crit par\" \/>\n\t<meta name=\"twitter:data1\" content=\"\" \/>\n\t<meta name=\"twitter:label2\" content=\"Dur\u00e9e de lecture estim\u00e9e\" \/>\n\t<meta name=\"twitter:data2\" content=\"1 minute\" \/>\n<script type=\"application\/ld+json\" class=\"yoast-schema-graph\">{\"@context\":\"https:\/\/schema.org\",\"@graph\":[{\"@type\":\"WebPage\",\"@id\":\"https:\/\/montizel.enmontagne.net\/index.php\/2013\/01\/04\/jura\/\",\"url\":\"https:\/\/montizel.enmontagne.net\/index.php\/2013\/01\/04\/jura\/\",\"name\":\"Jura - Au rythme des saisons\",\"isPartOf\":{\"@id\":\"https:\/\/montizel.enmontagne.net\/#website\"},\"datePublished\":\"2013-01-04T15:00:38+00:00\",\"dateModified\":\"2013-02-11T13:53:50+00:00\",\"author\":{\"@id\":\"\"},\"breadcrumb\":{\"@id\":\"https:\/\/montizel.enmontagne.net\/index.php\/2013\/01\/04\/jura\/#breadcrumb\"},\"inLanguage\":\"fr-FR\",\"potentialAction\":[{\"@type\":\"ReadAction\",\"target\":[\"https:\/\/montizel.enmontagne.net\/index.php\/2013\/01\/04\/jura\/\"]}]},{\"@type\":\"BreadcrumbList\",\"@id\":\"https:\/\/montizel.enmontagne.net\/index.php\/2013\/01\/04\/jura\/#breadcrumb\",\"itemListElement\":[{\"@type\":\"ListItem\",\"position\":1,\"name\":\"Accueil\",\"item\":\"https:\/\/montizel.enmontagne.net\/\"},{\"@type\":\"ListItem\",\"position\":2,\"name\":\"Jura\"}]},{\"@type\":\"WebSite\",\"@id\":\"https:\/\/montizel.enmontagne.net\/#website\",\"url\":\"https:\/\/montizel.enmontagne.net\/\",\"name\":\"Au rythme des saisons\",\"description\":\"Just another WordPress site\",\"potentialAction\":[{\"@type\":\"SearchAction\",\"target\":{\"@type\":\"EntryPoint\",\"urlTemplate\":\"https:\/\/montizel.enmontagne.net\/?s={search_term_string}\"},\"query-input\":\"required name=search_term_string\"}],\"inLanguage\":\"fr-FR\"},{\"@type\":\"Person\",\"@id\":\"\",\"url\":\"https:\/\/montizel.enmontagne.net\/index.php\/author\/\"}]}<\/script>\n<!-- \/ Yoast SEO plugin. -->","yoast_head_json":{"title":"Jura - Au rythme des saisons","robots":{"index":"index","follow":"follow","max-snippet":"max-snippet:-1","max-image-preview":"max-image-preview:large","max-video-preview":"max-video-preview:-1"},"canonical":"https:\/\/montizel.enmontagne.net\/index.php\/2013\/01\/04\/jura\/","og_locale":"fr_FR","og_type":"article","og_title":"Jura - Au rythme des saisons","og_description":"Et voici des vid\u00e9os qui parlent d&rsquo;elles m\u00eames&#8230;. Superbe temps , on profite du matin au soir !","og_url":"https:\/\/montizel.enmontagne.net\/index.php\/2013\/01\/04\/jura\/","og_site_name":"Au rythme des saisons","article_published_time":"2013-01-04T15:00:38+00:00","article_modified_time":"2013-02-11T13:53:50+00:00","og_image":[{"url":"http:\/\/montizel.enmontagne.net\/wp-content\/uploads\/2013\/01\/20130105-145003.jpg"}],"twitter_card":"summary_large_image","twitter_misc":{"\u00c9crit par":"","Dur\u00e9e de lecture estim\u00e9e":"1 minute"},"schema":{"@context":"https:\/\/schema.org","@graph":[{"@type":"WebPage","@id":"https:\/\/montizel.enmontagne.net\/index.php\/2013\/01\/04\/jura\/","url":"https:\/\/montizel.enmontagne.net\/index.php\/2013\/01\/04\/jura\/","name":"Jura - Au rythme des saisons","isPartOf":{"@id":"https:\/\/montizel.enmontagne.net\/#website"},"datePublished":"2013-01-04T15:00:38+00:00","dateModified":"2013-02-11T13:53:50+00:00","author":{"@id":""},"breadcrumb":{"@id":"https:\/\/montizel.enmontagne.net\/index.php\/2013\/01\/04\/jura\/#breadcrumb"},"inLanguage":"fr-FR","potentialAction":[{"@type":"ReadAction","target":["https:\/\/montizel.enmontagne.net\/index.php\/2013\/01\/04\/jura\/"]}]},{"@type":"BreadcrumbList","@id":"https:\/\/montizel.enmontagne.net\/index.php\/2013\/01\/04\/jura\/#breadcrumb","itemListElement":[{"@type":"ListItem","position":1,"name":"Accueil","item":"https:\/\/montizel.enmontagne.net\/"},{"@type":"ListItem","position":2,"name":"Jura"}]},{"@type":"WebSite","@id":"https:\/\/montizel.enmontagne.net\/#website","url":"https:\/\/montizel.enmontagne.net\/","name":"Au rythme des saisons","description":"Just another WordPress site","potentialAction":[{"@type":"SearchAction","target":{"@type":"EntryPoint","urlTemplate":"https:\/\/montizel.enmontagne.net\/?s={search_term_string}"},"query-input":"required name=search_term_string"}],"inLanguage":"fr-FR"},{"@type":"Person","@id":"","url":"https:\/\/montizel.enmontagne.net\/index.php\/author\/"}]}},"_links":{"self":[{"href":"https:\/\/montizel.enmontagne.net\/index.php\/wp-json\/wp\/v2\/posts\/397","targetHints":{"allow":["GET"]}}],"collection":[{"href":"https:\/\/montizel.enmontagne.net\/index.php\/wp-json\/wp\/v2\/posts"}],"about":[{"href":"https:\/\/montizel.enmontagne.net\/index.php\/wp-json\/wp\/v2\/types\/post"}],"author":[{"embeddable":true,"href":"https:\/\/montizel.enmontagne.net\/index.php\/wp-json\/wp\/v2\/users\/9"}],"replies":[{"embeddable":true,"href":"https:\/\/montizel.enmontagne.net\/index.php\/wp-json\/wp\/v2\/comments?post=397"}],"version-history":[{"count":4,"href":"https:\/\/montizel.enmontagne.net\/index.php\/wp-json\/wp\/v2\/posts\/397\/revisions"}],"predecessor-version":[{"id":403,"href":"https:\/\/montizel.enmontagne.net\/index.php\/wp-json\/wp\/v2\/posts\/397\/revisions\/403"}],"wp:attachment":[{"href":"https:\/\/montizel.enmontagne.net\/index.php\/wp-json\/wp\/v2\/media?parent=397"}],"wp:term":[{"taxonomy":"category","embeddable":true,"href":"https:\/\/montizel.enmontagne.net\/index.php\/wp-json\/wp\/v2\/categories?post=397"},{"taxonomy":"post_tag","embeddable":true,"href":"https:\/\/montizel.enmontagne.net\/index.php\/wp-json\/wp\/v2\/tags?post=397"}],"curies":[{"name":"wp","href":"https:\/\/api.w.org\/{rel}","templated":true}]}}