{"id":404,"date":"2013-01-06T17:16:29","date_gmt":"2013-01-06T16:16:29","guid":{"rendered":"http:\/\/montizel.enmontagne.net\/?p=404"},"modified":"2013-11-27T17:18:03","modified_gmt":"2013-11-27T16:18:03","slug":"retour-avla-clusaz","status":"publish","type":"post","link":"https:\/\/montizel.enmontagne.net\/index.php\/2013\/01\/06\/retour-avla-clusaz\/","title":{"rendered":"Retour \u00e0 la Clusaz"},"content":{"rendered":"<p>Et nous voici de retour depuis samedi soir en Haute Savoie&#8230; Apr\u00e8s un l\u00e9ger d\u00e9tour chez Intersport qui brade avant agrandissement et des achats \u00ab\u00a0compulsifs\u00a0\u00bb : v\u00eatements de ski pour Anna\u00efg et un v\u00e9lo tout terrain pour Maxime! \u00c7a y est , notre bonhomme passe au 24&Prime;&#8230;<!--more--><br \/>\nNous avons \u00e9galement achet\u00e9 de magnifiques bonnets Odlo : un bleu pour monsieur et noir pour madame&#8230;<\/p>\n<p>Ah, j&rsquo;ai oubli\u00e9 de vous montrer la magnifique vue que nous avons eu en descendant le jura&#8230;suisse : lac L\u00e9man avec Mont Blanc dans le fond :<\/p>\n<p>Bon, ensuite, nous avons fait quelques courses afin de pr\u00e9parer notre repas savoyard hebdomadaire : la fondue ! Cette fois-ci, Anna\u00efg s&rsquo;y est coll\u00e9e (!) pour une fondue moiti\u00e9 moiti\u00e9 avec des bolets&#8230; Hhhuuuumm trop bon !<br \/>\nApr\u00e8s une bonne nuit et un brunch irlandais ce matin, nous sommes partis faire du ski de fond aux confins . Neve a pass\u00e9 une heure au piou piou&#8230;GENiAL ! Avec Juju &#8230;<br \/>\nNous lui avons pris sa carte pour les prochains samedis&#8230; Juju nous dit que \u00e7a va bien, elle descend hors trace !! Elle va bient\u00f4t l&rsquo;avoir sa m\u00e9daille !!!<br \/>\nEncore le chasse neige \u00e0 apprendre et l&rsquo;ourson sera sur son blouson !!!<\/p>\n<p><a href=\"http:\/\/montizel.enmontagne.net\/wp-content\/uploads\/2013\/01\/20130106-172233.jpg\"><img decoding=\"async\" class=\"alignnone size-full\" alt=\"20130106-172233.jpg\" src=\"http:\/\/montizel.enmontagne.net\/wp-content\/uploads\/2013\/01\/20130106-172233.jpg\" \/><\/a><\/p>\n<p><a href=\"http:\/\/montizel.enmontagne.net\/wp-content\/uploads\/2013\/01\/20130106-172252.jpg\"><img decoding=\"async\" class=\"alignnone size-full\" alt=\"20130106-172252.jpg\" src=\"http:\/\/montizel.enmontagne.net\/wp-content\/uploads\/2013\/01\/20130106-172252.jpg\" \/><\/a><\/p>\n<p>Bilan de la semaine :<br \/>\nSki lundi 31\/12 aux Gli\u00e8res<br \/>\nMardi 01\/01 : repos et trajet aux Rousses<br \/>\nMercredi &#8211;&gt; samedi : ski dans le jura<br \/>\nDimanche 6\/01 : ski aux confins<\/p>\n<p>Avec toutes ces sorties familiales de ces derniers jours et celles du d\u00e9but du mois de d\u00e9cembre, Maxime a atteint le seuil des 100 km de skating aujourd&rsquo;hui, hors ski-club !<br \/>\nLa petite derni\u00e8re a fait au moins 5 km par jour dans le jura&#8230;<br \/>\nLes enfants sont inscrits aux cours de f\u00e9vrier avec leurs cousin-e-s. La petite sera au piou-piou&#8230; Soyez bien affut\u00e9s, les petits Colet savoyards ont de l&rsquo;endurance et de l&rsquo;entra\u00eenement ;-)&#8230; Il va falloir les suivre !<br \/>\nElin s&rsquo;est test\u00e9e au skating qu&rsquo;elle doit commencer cette ann\u00e9e aux \u00c9cureuils&#8230; \u00c7a promet aussi !<br \/>\nPour la blague, on dirait son grand p\u00e8re !!!! Lol !<br \/>\nApr\u00e8s un achat de fromage de ch\u00e8vre et notre pain \u00e0 Saint Sixt pour la semaine, nous rentrons chez nous o\u00f9 finalement nous n&rsquo;avons pas pass\u00e9 beaucoup de temps en 15jours !!!<\/p>\n","protected":false},"excerpt":{"rendered":"<p>Et nous voici de retour depuis samedi soir en Haute Savoie&#8230; Apr\u00e8s un l\u00e9ger d\u00e9tour chez Intersport qui brade avant agrandissement et des achats \u00ab\u00a0compulsifs\u00a0\u00bb : v\u00eatements de ski pour Anna\u00efg et un v\u00e9lo tout terrain pour Maxime! \u00c7a y est , notre bonhomme passe au 24&Prime;&#8230;<\/p>\n","protected":false},"author":9,"featured_media":0,"comment_status":"open","ping_status":"open","sticky":false,"template":"","format":"standard","meta":{"footnotes":""},"categories":[],"tags":[],"class_list":["post-404","post","type-post","status-publish","format-standard","hentry"],"yoast_head":"<!-- This site is optimized with the Yoast SEO plugin v19.6.1 - https:\/\/yoast.com\/wordpress\/plugins\/seo\/ -->\n<title>Retour \u00e0 la Clusaz - Au rythme des saisons<\/title>\n<meta name=\"robots\" content=\"index, follow, max-snippet:-1, max-image-preview:large, max-video-preview:-1\" \/>\n<link rel=\"canonical\" href=\"https:\/\/montizel.enmontagne.net\/index.php\/2013\/01\/06\/retour-avla-clusaz\/\" \/>\n<meta property=\"og:locale\" content=\"fr_FR\" \/>\n<meta property=\"og:type\" content=\"article\" \/>\n<meta property=\"og:title\" content=\"Retour \u00e0 la Clusaz - Au rythme des saisons\" \/>\n<meta property=\"og:description\" content=\"Et nous voici de retour depuis samedi soir en Haute Savoie&#8230; Apr\u00e8s un l\u00e9ger d\u00e9tour chez Intersport qui brade avant agrandissement et des achats \u00ab\u00a0compulsifs\u00a0\u00bb : v\u00eatements de ski pour Anna\u00efg et un v\u00e9lo tout terrain pour Maxime! \u00c7a y est , notre bonhomme passe au 24&Prime;&#8230;\" \/>\n<meta property=\"og:url\" content=\"https:\/\/montizel.enmontagne.net\/index.php\/2013\/01\/06\/retour-avla-clusaz\/\" \/>\n<meta property=\"og:site_name\" content=\"Au rythme des saisons\" \/>\n<meta property=\"article:published_time\" content=\"2013-01-06T16:16:29+00:00\" \/>\n<meta property=\"article:modified_time\" content=\"2013-11-27T16:18:03+00:00\" \/>\n<meta property=\"og:image\" content=\"http:\/\/montizel.enmontagne.net\/wp-content\/uploads\/2013\/01\/20130106-172233.jpg\" \/>\n<meta name=\"twitter:card\" content=\"summary_large_image\" \/>\n<meta name=\"twitter:label1\" content=\"\u00c9crit par\" \/>\n\t<meta name=\"twitter:data1\" content=\"\" \/>\n\t<meta name=\"twitter:label2\" content=\"Dur\u00e9e de lecture estim\u00e9e\" \/>\n\t<meta name=\"twitter:data2\" content=\"2 minutes\" \/>\n<script type=\"application\/ld+json\" class=\"yoast-schema-graph\">{\"@context\":\"https:\/\/schema.org\",\"@graph\":[{\"@type\":\"WebPage\",\"@id\":\"https:\/\/montizel.enmontagne.net\/index.php\/2013\/01\/06\/retour-avla-clusaz\/\",\"url\":\"https:\/\/montizel.enmontagne.net\/index.php\/2013\/01\/06\/retour-avla-clusaz\/\",\"name\":\"Retour \u00e0 la Clusaz - Au rythme des saisons\",\"isPartOf\":{\"@id\":\"https:\/\/montizel.enmontagne.net\/#website\"},\"datePublished\":\"2013-01-06T16:16:29+00:00\",\"dateModified\":\"2013-11-27T16:18:03+00:00\",\"author\":{\"@id\":\"\"},\"breadcrumb\":{\"@id\":\"https:\/\/montizel.enmontagne.net\/index.php\/2013\/01\/06\/retour-avla-clusaz\/#breadcrumb\"},\"inLanguage\":\"fr-FR\",\"potentialAction\":[{\"@type\":\"ReadAction\",\"target\":[\"https:\/\/montizel.enmontagne.net\/index.php\/2013\/01\/06\/retour-avla-clusaz\/\"]}]},{\"@type\":\"BreadcrumbList\",\"@id\":\"https:\/\/montizel.enmontagne.net\/index.php\/2013\/01\/06\/retour-avla-clusaz\/#breadcrumb\",\"itemListElement\":[{\"@type\":\"ListItem\",\"position\":1,\"name\":\"Accueil\",\"item\":\"https:\/\/montizel.enmontagne.net\/\"},{\"@type\":\"ListItem\",\"position\":2,\"name\":\"Retour \u00e0 la Clusaz\"}]},{\"@type\":\"WebSite\",\"@id\":\"https:\/\/montizel.enmontagne.net\/#website\",\"url\":\"https:\/\/montizel.enmontagne.net\/\",\"name\":\"Au rythme des saisons\",\"description\":\"Just another WordPress site\",\"potentialAction\":[{\"@type\":\"SearchAction\",\"target\":{\"@type\":\"EntryPoint\",\"urlTemplate\":\"https:\/\/montizel.enmontagne.net\/?s={search_term_string}\"},\"query-input\":\"required name=search_term_string\"}],\"inLanguage\":\"fr-FR\"},{\"@type\":\"Person\",\"@id\":\"\",\"url\":\"https:\/\/montizel.enmontagne.net\/index.php\/author\/\"}]}<\/script>\n<!-- \/ Yoast SEO plugin. -->","yoast_head_json":{"title":"Retour \u00e0 la Clusaz - Au rythme des saisons","robots":{"index":"index","follow":"follow","max-snippet":"max-snippet:-1","max-image-preview":"max-image-preview:large","max-video-preview":"max-video-preview:-1"},"canonical":"https:\/\/montizel.enmontagne.net\/index.php\/2013\/01\/06\/retour-avla-clusaz\/","og_locale":"fr_FR","og_type":"article","og_title":"Retour \u00e0 la Clusaz - Au rythme des saisons","og_description":"Et nous voici de retour depuis samedi soir en Haute Savoie&#8230; Apr\u00e8s un l\u00e9ger d\u00e9tour chez Intersport qui brade avant agrandissement et des achats \u00ab\u00a0compulsifs\u00a0\u00bb : v\u00eatements de ski pour Anna\u00efg et un v\u00e9lo tout terrain pour Maxime! \u00c7a y est , notre bonhomme passe au 24&Prime;&#8230;","og_url":"https:\/\/montizel.enmontagne.net\/index.php\/2013\/01\/06\/retour-avla-clusaz\/","og_site_name":"Au rythme des saisons","article_published_time":"2013-01-06T16:16:29+00:00","article_modified_time":"2013-11-27T16:18:03+00:00","og_image":[{"url":"http:\/\/montizel.enmontagne.net\/wp-content\/uploads\/2013\/01\/20130106-172233.jpg"}],"twitter_card":"summary_large_image","twitter_misc":{"\u00c9crit par":"","Dur\u00e9e de lecture estim\u00e9e":"2 minutes"},"schema":{"@context":"https:\/\/schema.org","@graph":[{"@type":"WebPage","@id":"https:\/\/montizel.enmontagne.net\/index.php\/2013\/01\/06\/retour-avla-clusaz\/","url":"https:\/\/montizel.enmontagne.net\/index.php\/2013\/01\/06\/retour-avla-clusaz\/","name":"Retour \u00e0 la Clusaz - Au rythme des saisons","isPartOf":{"@id":"https:\/\/montizel.enmontagne.net\/#website"},"datePublished":"2013-01-06T16:16:29+00:00","dateModified":"2013-11-27T16:18:03+00:00","author":{"@id":""},"breadcrumb":{"@id":"https:\/\/montizel.enmontagne.net\/index.php\/2013\/01\/06\/retour-avla-clusaz\/#breadcrumb"},"inLanguage":"fr-FR","potentialAction":[{"@type":"ReadAction","target":["https:\/\/montizel.enmontagne.net\/index.php\/2013\/01\/06\/retour-avla-clusaz\/"]}]},{"@type":"BreadcrumbList","@id":"https:\/\/montizel.enmontagne.net\/index.php\/2013\/01\/06\/retour-avla-clusaz\/#breadcrumb","itemListElement":[{"@type":"ListItem","position":1,"name":"Accueil","item":"https:\/\/montizel.enmontagne.net\/"},{"@type":"ListItem","position":2,"name":"Retour \u00e0 la Clusaz"}]},{"@type":"WebSite","@id":"https:\/\/montizel.enmontagne.net\/#website","url":"https:\/\/montizel.enmontagne.net\/","name":"Au rythme des saisons","description":"Just another WordPress site","potentialAction":[{"@type":"SearchAction","target":{"@type":"EntryPoint","urlTemplate":"https:\/\/montizel.enmontagne.net\/?s={search_term_string}"},"query-input":"required name=search_term_string"}],"inLanguage":"fr-FR"},{"@type":"Person","@id":"","url":"https:\/\/montizel.enmontagne.net\/index.php\/author\/"}]}},"_links":{"self":[{"href":"https:\/\/montizel.enmontagne.net\/index.php\/wp-json\/wp\/v2\/posts\/404","targetHints":{"allow":["GET"]}}],"collection":[{"href":"https:\/\/montizel.enmontagne.net\/index.php\/wp-json\/wp\/v2\/posts"}],"about":[{"href":"https:\/\/montizel.enmontagne.net\/index.php\/wp-json\/wp\/v2\/types\/post"}],"author":[{"embeddable":true,"href":"https:\/\/montizel.enmontagne.net\/index.php\/wp-json\/wp\/v2\/users\/9"}],"replies":[{"embeddable":true,"href":"https:\/\/montizel.enmontagne.net\/index.php\/wp-json\/wp\/v2\/comments?post=404"}],"version-history":[{"count":3,"href":"https:\/\/montizel.enmontagne.net\/index.php\/wp-json\/wp\/v2\/posts\/404\/revisions"}],"predecessor-version":[{"id":409,"href":"https:\/\/montizel.enmontagne.net\/index.php\/wp-json\/wp\/v2\/posts\/404\/revisions\/409"}],"wp:attachment":[{"href":"https:\/\/montizel.enmontagne.net\/index.php\/wp-json\/wp\/v2\/media?parent=404"}],"wp:term":[{"taxonomy":"category","embeddable":true,"href":"https:\/\/montizel.enmontagne.net\/index.php\/wp-json\/wp\/v2\/categories?post=404"},{"taxonomy":"post_tag","embeddable":true,"href":"https:\/\/montizel.enmontagne.net\/index.php\/wp-json\/wp\/v2\/tags?post=404"}],"curies":[{"name":"wp","href":"https:\/\/api.w.org\/{rel}","templated":true}]}}